{"id":447,"date":"2019-05-22T03:06:26","date_gmt":"2019-05-22T03:06:26","guid":{"rendered":"https:\/\/demoapus.com\/edumy-import\/future-cities\/"},"modified":"2021-03-01T20:50:00","modified_gmt":"2021-03-01T19:50:00","slug":"appel-a-candidature-pour-enseigner-a-lena","status":"publish","type":"post","link":"https:\/\/www.ena.tn\/fr\/appel-a-candidature-pour-enseigner-a-lena\/","title":{"rendered":"Appel \u00e0 candidature pour enseigner \u00e0 l\u2019ENA"},"content":{"rendered":"<p>Dans le souci de renforcer le corps des enseignants par des formateurs dans les diff\u00e9rents cycle de formation assur\u00e9s par l\u2019Ecole Nationale d\u2019Administration, les chercheurs, les professeurs universitaires et les hauts cadres de l\u2019Etat ainsi que ceux exer\u00e7ant dans les professions lib\u00e9rales qui r\u00e9pondent aux conditions relatives au niveau acad\u00e9mique et \u00e0 l\u2019exp\u00e9rience n\u00e9cessaire dans le domaine de la formation, sont invit\u00e9s \u00e0 d\u00e9poser leurs demandes accompagn\u00e9es d\u2019un CV actualis\u00e9 et de la fiche de renseignement ci-jointe \u00e0 remplir soigneusement.<\/p>\n<p>Les taux de r\u00e9mun\u00e9ration des heures d\u2019enseignement aux diff\u00e9rents cycle de formation \u00e0 l\u2019ENA sont fix\u00e9s par \u00a0les dispositions de l\u2019arr\u00eat\u00e9 gouvernemental n \u00b0 697 du 3 ao\u00fbt 2018 du 2018, relatif au r\u00e9gime de r\u00e9mun\u00e9ration des diff\u00e9rentes cat\u00e9gories de personnels enseignants, des travaux exceptionnels, des chercheurs \u00e0 titre occasionnel et des chercheurs contractuels \u00e0 l\u2019\u00e9cole nationale d\u2019administration.<\/p>\n<ul>\n<li><a href=\"http:\/\/www.ena.tn\/wp-content\/uploads\/2020\/07\/candidature.pdf\" target=\"_blank\" rel=\"noopener noreferrer\"><em><strong>Appel \u00e0 candidature pour enseigner \u00e0 l\u2019ENA<\/strong><\/em><\/a><\/li>\n<li><a href=\"http:\/\/www.ena.tn\/wp-content\/uploads\/2020\/07\/fiche_inscription2020.pdf\" target=\"_blank\" rel=\"noopener noreferrer\"><em><strong>fiche d\u2019inscription<\/strong><\/em><\/a><\/li>\n<li><a href=\"http:\/\/www.ena.tn\/wp-content\/uploads\/2020\/07\/programme_formation.pdf\" target=\"_blank\" rel=\"noopener noreferrer\"><em><strong>programme de formation<\/strong><\/em><\/a><\/li>\n<li><a href=\"http:\/\/www.ena.tn\/wp-content\/uploads\/2020\/07\/guide.pdf\" target=\"_blank\" rel=\"noopener noreferrer\"><em><strong>guide<\/strong><\/em><\/a><\/li>\n<\/ul>\n<p><strong><u>Remarques<\/u><\/strong>\u00a0:<\/p>\n<ul>\n<li>Les demandes sont envoy\u00e9es par courrier \u00e9lectronique \u00e0 l\u2019adresse suivante\u00a0:\u00a0<a href=\"mailto:info@ena.nat.tn\">info@ena.nat.tn<\/a>;<\/li>\n<li>La liste des mati\u00e8res relatives aux programmes d\u2019enseignement est consultable dans les textes juridiques fixant l\u2019organisation des diff\u00e9rents cycles de formation initiale et continue pr\u00e9sentielle \u00e0 l\u2019ENA.<\/li>\n<li>Pri\u00e8re de bien vouloir pr\u00e9ciser le cycle de formation auquel vous d\u00e9sirez enseigner\u00a0:<\/li>\n<li><strong><u>Les cycles de formation de base<\/u><\/strong>:<\/li>\n<li><strong><em>Le Cycle Sup\u00e9rieur<\/em><\/strong>\u00a0(30 mois apr\u00e8s le mast\u00e8re en sciences juridiques, \u00e9conomiques, de gestion et dipl\u00f4me national d\u2019ing\u00e9nieurs dans certaines sp\u00e9cialit\u00e9s),<\/li>\n<li><strong><em>Le Cycle de formation des cadres moyens de la sous-cat\u00e9gorie A2<\/em><\/strong>\u00a0(12 mois apr\u00e8s la maitrise ou Licence en en sciences juridiques, \u00e9conomiques ou de gestion)<\/li>\n<li><strong><em>Les cycles de formation continue pr\u00e9sentielle<\/em><\/strong>\u00a0<strong><em>pour la promotion au grade de<\/em><\/strong>:<\/li>\n<li>Administrateur conseill\u00e9 et grades \u00e9quivalents\u00a0;<\/li>\n<li>Administrateur et grades \u00e9quivalents\u00a0;<\/li>\n<li>Attach\u00e9 d\u2019administration et grades \u00e9quivalents\u00a0;<\/li>\n<\/ul>\n","protected":false},"excerpt":{"rendered":"<p>Dans le souci de renforcer le corps des enseignants par des formateurs dans les diff\u00e9rents cycle de formation assur\u00e9s par l\u2019Ecole Nationale d\u2019Administration, les chercheurs, les professeurs universitaires et les hauts cadres de l\u2019Etat ainsi que ceux exer\u00e7ant dans les professions lib\u00e9rales qui r\u00e9pondent aux conditions relatives au niveau acad\u00e9mique et \u00e0 l\u2019exp\u00e9rience n\u00e9cessaire dans le domaine de la formation, sont invit\u00e9s \u00e0 d\u00e9poser leurs demandes accompagn\u00e9es d\u2019un CV actualis\u00e9 et de la fiche de renseignement ci-jointe \u00e0 remplir soigneusement.<\/p>\n","protected":false},"author":1,"featured_media":4183,"comment_status":"closed","ping_status":"closed","sticky":false,"template":"","format":"standard","meta":{"footnotes":""},"categories":[21],"tags":[],"class_list":["post-447","post","type-post","status-publish","format-standard","has-post-thumbnail","hentry","category-actualites"],"_links":{"self":[{"href":"https:\/\/www.ena.tn\/fr\/wp-json\/wp\/v2\/posts\/447","targetHints":{"allow":["GET"]}}],"collection":[{"href":"https:\/\/www.ena.tn\/fr\/wp-json\/wp\/v2\/posts"}],"about":[{"href":"https:\/\/www.ena.tn\/fr\/wp-json\/wp\/v2\/types\/post"}],"author":[{"embeddable":true,"href":"https:\/\/www.ena.tn\/fr\/wp-json\/wp\/v2\/users\/1"}],"replies":[{"embeddable":true,"href":"https:\/\/www.ena.tn\/fr\/wp-json\/wp\/v2\/comments?post=447"}],"version-history":[{"count":2,"href":"https:\/\/www.ena.tn\/fr\/wp-json\/wp\/v2\/posts\/447\/revisions"}],"predecessor-version":[{"id":4212,"href":"https:\/\/www.ena.tn\/fr\/wp-json\/wp\/v2\/posts\/447\/revisions\/4212"}],"wp:featuredmedia":[{"embeddable":true,"href":"https:\/\/www.ena.tn\/fr\/wp-json\/wp\/v2\/media\/4183"}],"wp:attachment":[{"href":"https:\/\/www.ena.tn\/fr\/wp-json\/wp\/v2\/media?parent=447"}],"wp:term":[{"taxonomy":"category","embeddable":true,"href":"https:\/\/www.ena.tn\/fr\/wp-json\/wp\/v2\/categories?post=447"},{"taxonomy":"post_tag","embeddable":true,"href":"https:\/\/www.ena.tn\/fr\/wp-json\/wp\/v2\/tags?post=447"}],"curies":[{"name":"wp","href":"https:\/\/api.w.org\/{rel}","templated":true}]}}